{"id":3146,"date":"2024-03-28T15:36:19","date_gmt":"2024-03-28T14:36:19","guid":{"rendered":"https:\/\/tafel-fr-231208.studio-lib.de\/?p=3146"},"modified":"2024-10-23T13:29:25","modified_gmt":"2024-10-23T11:29:25","slug":"myzeil-feiert-15-geburtstag","status":"publish","type":"post","link":"https:\/\/frankfurter-tafel.org\/en\/2024\/03\/myzeil-feiert-15-geburtstag\/","title":{"rendered":"MyZeil feiert 15. Geburtstag"},"content":{"rendered":"<p>(28.03.2024)&nbsp;Das Shopping-Center MyZeil wird 15 Jahre alt! Dieser Meilenstein wird bis zum 7. April 2024 gefeiert. Der Geburtstag und das gew\u00e4hlte Motto \u201eSo Frankfurt wie Du\u201c zielen darauf ab, die enge Verbundenheit des Shopping-Center MyZeil zur Stadt Frankfurt und der Verwurzelung in der Region in den Vordergrund zu stellen.<\/p>\n\n\n\n<figure class=\"wp-block-image\"><img decoding=\"async\" src=\"https:\/\/www.frankfurt-live.com\/cache\/998173ff5cae3736cece73691fa4d7ac.jpg\" alt=\"\"\/><\/figure>\n\n\n\n<p>CenterManager Andrea Poul und Team<br>Foto: MyZeil<br>***<\/p>\n\n\n\n<p>Als Markenbotschafter konnte das MyZeil f\u00fcr diese besondere Kampagne Pers\u00f6nlichkeiten wie den ehemaligen Rekordspieler der Eintracht Frankfurt Karl-Heinz \u201eCharly\u201c K\u00f6rbel, den Koch, Youtuber und TV-Moderator Bernd Zehner, den Parkour-L\u00e4ufer Jason Paul sowie die Bestsellerautorin Jessica Firley und das Model Bruna Rodrigues gewinnen.<\/p>\n\n\n\n<p>Ein Highlight ist die Buzzerstation, bei der Preise im Gesamtwert von \u00fcber 15.000 Euro verlost werden! Zu den Tageshauptgewinnen geh\u00f6ren beispielsweise Elektronik-Produkte von Saturn und Dyson sowie Jahreskarten f\u00fcr die Astor Filmlounge. Hier ist jedoch nicht nur Gl\u00fcck im Spiel, sondern auch ein gutes Herz gefragt: Jeder Teilnehmer wird dazu aufgerufen, eine Spende zu t\u00e4tigen. Die gesamten Spendeneinnahmen gehen zu 100% an die Tafel Frankfurt e. V., eine Organisation, die sich f\u00fcr bed\u00fcrftige Menschen in Frankfurt einsetzt. Das Center Management des MyZeil \u00fcberreicht die Summe der Spendeneinnahmen am 6.4.2024 im Rahmen der Abschlussveranstaltung an den Vorstand der Frankfurter Tafel.<\/p>\n\n\n\n<p>Rainer H\u00e4usler, Erster Vorsitzender der Frankfurter Tafel, betont die langj\u00e4hrige Unterst\u00fctzung Bed\u00fcrftiger in Frankfurt durch Lebensmittelrettung und nachhaltige Verteilung mit freiwilligen Helfern. Die finanzielle Unterst\u00fctzung durch Spender ist entscheidend f\u00fcr den Einkauf langlebiger Lebensmittel<br>aufgrund knapper Ressourcen. Die Charity-Kampagne des MyZeil kommt daher genau zur rechten Zeit. Nilab Alokuzay-Kiesinger, Vorstandssprecherin der Frankfurter Tafel, erg\u00e4nzt, dass bereits \u00fcber 25.000 Frankfurter B\u00fcrger mit Lebensmitteln versorgt werden.<\/p>\n\n\n\n<p>Passend zum 15. Jubil\u00e4um veranstaltet das MyZeil \u00fcber den Geburtstagszeitraum hinweg 15 Events. G\u00e4ste d\u00fcrfen sich auf ein vielf\u00e4ltiges Programm freuen, das von Live-Musik \u00fcber akrobatische Showeinlagen bis hin zu besonderen kulinarischen Highlights reicht. Die Foodtopia-Eventfl\u00e4che im 4. Obergeschoss des MyZeil wird zum Treffpunkt f\u00fcr Feierlichkeiten und Erlebnisse, die das Herz h\u00f6herschlagen lassen. Der H\u00f6hepunkt der Shows ist das Abschlussevent am Samstag, den 6.4.2024, bei dem jeder Besucher in einer Live-Show die Chance erh\u00e4lt, Preise zu gewinnen. Der Gewinner dieser Show hat zudem die M\u00f6glichkeit, einen 1.500 Euro Centergutschein zu gewinnen, den er begleitet von einem Kamerateam innerhalb von 90 Minuten \u201evershoppen\u201c kann.<\/p>\n\n\n\n<p>\u201eMit dieser Aktion m\u00f6chten wir nicht nur unser Jubil\u00e4um feiern, sondern auch etwas Gutes tun und denen helfen, die unsere Unterst\u00fctzung brauchen\u201c, so Center Manager Andrea Poul. \u201eWir laden daher alle herzlich ein, gemeinsam mit uns den 15. Geburtstag des MyZeil zu feiern und gleichzeitig einen Beitrag f\u00fcr einen guten Zweck zu leisten. Kommen Sie vorbei, feiern Sie mit uns und setzen Sie gemeinsam mit uns ein Zeichen der Solidarit\u00e4t und Hilfsbereitschaft!\u201c<br><br><a href=\"https:\/\/www.frankfurt-live.com\/myzeil-feiert-15.-geburtstag-164338.html\">https:\/\/www.frankfurt-live.com\/myzeil-feiert-15.-geburtstag-164338.html<\/a><\/p>","protected":false},"excerpt":{"rendered":"<p>(28.03.2024)&nbsp;Das Shopping-Center MyZeil wird 15 Jahre alt! Dieser Meilenstein wird bis zum 7. April 2024 gefeiert. Der Geburtstag und das gew\u00e4hlte Motto \u201eSo Frankfurt wie Du\u201c zielen darauf ab, die enge Verbundenheit des Shopping-Center MyZeil zur Stadt Frankfurt und der Verwurzelung in der Region in den Vordergrund zu stellen. CenterManager Andrea Poul und TeamFoto: MyZeil*** [&hellip;]<\/p>\n","protected":false},"author":1,"featured_media":0,"comment_status":"closed","ping_status":"open","sticky":false,"template":"","format":"standard","meta":{"inline_featured_image":false,"ocean_post_layout":"","ocean_both_sidebars_style":"","ocean_both_sidebars_content_width":0,"ocean_both_sidebars_sidebars_width":0,"ocean_sidebar":"","ocean_second_sidebar":"","ocean_disable_margins":"enable","ocean_add_body_class":"","ocean_shortcode_before_top_bar":"","ocean_shortcode_after_top_bar":"","ocean_shortcode_before_header":"","ocean_shortcode_after_header":"","ocean_has_shortcode":"","ocean_shortcode_after_title":"","ocean_shortcode_before_footer_widgets":"","ocean_shortcode_after_footer_widgets":"","ocean_shortcode_before_footer_bottom":"","ocean_shortcode_after_footer_bottom":"","ocean_display_top_bar":"default","ocean_display_header":"default","ocean_header_style":"","ocean_center_header_left_menu":"","ocean_custom_header_template":"","ocean_custom_logo":0,"ocean_custom_retina_logo":0,"ocean_custom_logo_max_width":0,"ocean_custom_logo_tablet_max_width":0,"ocean_custom_logo_mobile_max_width":0,"ocean_custom_logo_max_height":0,"ocean_custom_logo_tablet_max_height":0,"ocean_custom_logo_mobile_max_height":0,"ocean_header_custom_menu":"","ocean_menu_typo_font_family":"","ocean_menu_typo_font_subset":"","ocean_menu_typo_font_size":0,"ocean_menu_typo_font_size_tablet":0,"ocean_menu_typo_font_size_mobile":0,"ocean_menu_typo_font_size_unit":"px","ocean_menu_typo_font_weight":"","ocean_menu_typo_font_weight_tablet":"","ocean_menu_typo_font_weight_mobile":"","ocean_menu_typo_transform":"","ocean_menu_typo_transform_tablet":"","ocean_menu_typo_transform_mobile":"","ocean_menu_typo_line_height":0,"ocean_menu_typo_line_height_tablet":0,"ocean_menu_typo_line_height_mobile":0,"ocean_menu_typo_line_height_unit":"","ocean_menu_typo_spacing":0,"ocean_menu_typo_spacing_tablet":0,"ocean_menu_typo_spacing_mobile":0,"ocean_menu_typo_spacing_unit":"","ocean_menu_link_color":"","ocean_menu_link_color_hover":"","ocean_menu_link_color_active":"","ocean_menu_link_background":"","ocean_menu_link_hover_background":"","ocean_menu_link_active_background":"","ocean_menu_social_links_bg":"","ocean_menu_social_hover_links_bg":"","ocean_menu_social_links_color":"","ocean_menu_social_hover_links_color":"","ocean_disable_title":"default","ocean_disable_heading":"default","ocean_post_title":"","ocean_post_subheading":"","ocean_post_title_style":"","ocean_post_title_background_color":"","ocean_post_title_background":0,"ocean_post_title_bg_image_position":"","ocean_post_title_bg_image_attachment":"","ocean_post_title_bg_image_repeat":"","ocean_post_title_bg_image_size":"","ocean_post_title_height":0,"ocean_post_title_bg_overlay":0.5,"ocean_post_title_bg_overlay_color":"","ocean_disable_breadcrumbs":"default","ocean_breadcrumbs_color":"","ocean_breadcrumbs_separator_color":"","ocean_breadcrumbs_links_color":"","ocean_breadcrumbs_links_hover_color":"","ocean_display_footer_widgets":"default","ocean_display_footer_bottom":"default","ocean_custom_footer_template":"","ocean_post_oembed":"","ocean_post_self_hosted_media":"","ocean_post_video_embed":"","ocean_link_format":"","ocean_link_format_target":"self","ocean_quote_format":"","ocean_quote_format_link":"post","ocean_gallery_link_images":"on","ocean_gallery_id":[],"footnotes":""},"categories":[1],"tags":[],"class_list":["post-3146","post","type-post","status-publish","format-standard","hentry","category-allgemein","entry"],"_links":{"self":[{"href":"https:\/\/frankfurter-tafel.org\/en\/wp-json\/wp\/v2\/posts\/3146","targetHints":{"allow":["GET"]}}],"collection":[{"href":"https:\/\/frankfurter-tafel.org\/en\/wp-json\/wp\/v2\/posts"}],"about":[{"href":"https:\/\/frankfurter-tafel.org\/en\/wp-json\/wp\/v2\/types\/post"}],"author":[{"embeddable":true,"href":"https:\/\/frankfurter-tafel.org\/en\/wp-json\/wp\/v2\/users\/1"}],"replies":[{"embeddable":true,"href":"https:\/\/frankfurter-tafel.org\/en\/wp-json\/wp\/v2\/comments?post=3146"}],"version-history":[{"count":1,"href":"https:\/\/frankfurter-tafel.org\/en\/wp-json\/wp\/v2\/posts\/3146\/revisions"}],"predecessor-version":[{"id":3147,"href":"https:\/\/frankfurter-tafel.org\/en\/wp-json\/wp\/v2\/posts\/3146\/revisions\/3147"}],"wp:attachment":[{"href":"https:\/\/frankfurter-tafel.org\/en\/wp-json\/wp\/v2\/media?parent=3146"}],"wp:term":[{"taxonomy":"category","embeddable":true,"href":"https:\/\/frankfurter-tafel.org\/en\/wp-json\/wp\/v2\/categories?post=3146"},{"taxonomy":"post_tag","embeddable":true,"href":"https:\/\/frankfurter-tafel.org\/en\/wp-json\/wp\/v2\/tags?post=3146"}],"curies":[{"name":"wp","href":"https:\/\/api.w.org\/{rel}","templated":true}]}}