{"id":3601,"date":"2025-05-06T18:59:03","date_gmt":"2025-05-06T16:59:03","guid":{"rendered":"https:\/\/frankfurter-tafel.org\/?p=3601"},"modified":"2025-05-06T19:04:45","modified_gmt":"2025-05-06T17:04:45","slug":"tafel-deutschland-gratuliert-zum-30jaehrigen-jubilaeum","status":"publish","type":"post","link":"https:\/\/frankfurter-tafel.org\/en\/2025\/05\/tafel-deutschland-gratuliert-zum-30jaehrigen-jubilaeum\/","title":{"rendered":"Tafel Deutschland gratuliert zum                       30j\u00e4hrigen Jubil\u00e4um"},"content":{"rendered":"<p>Zu unserem Jubil\u00e4um erhielten wir ein Gru\u00dfwort aus Berlin von der Tafel Deutschland e.V.. Wir freuen uns besonders \u00fcber die Aufmerksamkeit und die Anerkennung, die darin vor allem f\u00fcr unser Ehrenamtlichen zum Ausdruck gebracht wird.                                     Wir sagen herzlichen Dank und senden unsererseits Gr\u00fc\u00dfe nach Berlin.                                                                                                                                                           (Sie finden das Schreiben nach einem Klick auf &#8222;Weiterlesen&#8220;)<\/p>\n\n\n\n<figure class=\"wp-block-image size-large\"><img fetchpriority=\"high\" decoding=\"async\" width=\"737\" height=\"1024\" src=\"https:\/\/frankfurter-tafel.org\/wp-content\/uploads\/2025\/05\/Tafel-D.-Gruss-S.1-2-737x1024.jpg\" alt=\"\" class=\"wp-image-3602\" srcset=\"https:\/\/frankfurter-tafel.org\/wp-content\/uploads\/2025\/05\/Tafel-D.-Gruss-S.1-2-737x1024.jpg 737w, https:\/\/frankfurter-tafel.org\/wp-content\/uploads\/2025\/05\/Tafel-D.-Gruss-S.1-2-216x300.jpg 216w, https:\/\/frankfurter-tafel.org\/wp-content\/uploads\/2025\/05\/Tafel-D.-Gruss-S.1-2-768x1067.jpg 768w, https:\/\/frankfurter-tafel.org\/wp-content\/uploads\/2025\/05\/Tafel-D.-Gruss-S.1-2-1105x1536.jpg 1105w, https:\/\/frankfurter-tafel.org\/wp-content\/uploads\/2025\/05\/Tafel-D.-Gruss-S.1-2-1473x2048.jpg 1473w, https:\/\/frankfurter-tafel.org\/wp-content\/uploads\/2025\/05\/Tafel-D.-Gruss-S.1-2-9x12.jpg 9w, https:\/\/frankfurter-tafel.org\/wp-content\/uploads\/2025\/05\/Tafel-D.-Gruss-S.1-2-scaled.jpg 1842w\" sizes=\"(max-width: 737px) 100vw, 737px\" \/><\/figure>\n\n\n\n<figure class=\"wp-block-image size-large\"><img decoding=\"async\" width=\"737\" height=\"1024\" src=\"https:\/\/frankfurter-tafel.org\/wp-content\/uploads\/2025\/05\/Tafel-D.-Gruss-S.2-737x1024.jpg\" alt=\"\" class=\"wp-image-3603\" srcset=\"https:\/\/frankfurter-tafel.org\/wp-content\/uploads\/2025\/05\/Tafel-D.-Gruss-S.2-737x1024.jpg 737w, https:\/\/frankfurter-tafel.org\/wp-content\/uploads\/2025\/05\/Tafel-D.-Gruss-S.2-216x300.jpg 216w, https:\/\/frankfurter-tafel.org\/wp-content\/uploads\/2025\/05\/Tafel-D.-Gruss-S.2-768x1067.jpg 768w, https:\/\/frankfurter-tafel.org\/wp-content\/uploads\/2025\/05\/Tafel-D.-Gruss-S.2-1105x1536.jpg 1105w, https:\/\/frankfurter-tafel.org\/wp-content\/uploads\/2025\/05\/Tafel-D.-Gruss-S.2-1473x2048.jpg 1473w, https:\/\/frankfurter-tafel.org\/wp-content\/uploads\/2025\/05\/Tafel-D.-Gruss-S.2-9x12.jpg 9w, https:\/\/frankfurter-tafel.org\/wp-content\/uploads\/2025\/05\/Tafel-D.-Gruss-S.2-scaled.jpg 1842w\" sizes=\"(max-width: 737px) 100vw, 737px\" \/><\/figure>\n\n\n\n<p><\/p>","protected":false},"excerpt":{"rendered":"<p>Zu unserem Jubil\u00e4um erhielten wir ein Gru\u00dfwort aus Berlin von der Tafel Deutschland e.V.. Wir freuen uns besonders \u00fcber die Aufmerksamkeit und die Anerkennung, die darin vor allem f\u00fcr unser Ehrenamtlichen zum Ausdruck gebracht wird. Wir sagen herzlichen Dank und senden unsererseits Gr\u00fc\u00dfe nach Berlin. (Sie finden das Schreiben nach einem Klick auf &#8222;Weiterlesen&#8220;)<\/p>","protected":false},"author":5,"featured_media":0,"comment_status":"closed","ping_status":"open","sticky":false,"template":"","format":"standard","meta":{"inline_featured_image":false,"ocean_post_layout":"","ocean_both_sidebars_style":"","ocean_both_sidebars_content_width":0,"ocean_both_sidebars_sidebars_width":0,"ocean_sidebar":"","ocean_second_sidebar":"","ocean_disable_margins":"enable","ocean_add_body_class":"","ocean_shortcode_before_top_bar":"","ocean_shortcode_after_top_bar":"","ocean_shortcode_before_header":"","ocean_shortcode_after_header":"","ocean_has_shortcode":"","ocean_shortcode_after_title":"","ocean_shortcode_before_footer_widgets":"","ocean_shortcode_after_footer_widgets":"","ocean_shortcode_before_footer_bottom":"","ocean_shortcode_after_footer_bottom":"","ocean_display_top_bar":"default","ocean_display_header":"default","ocean_header_style":"","ocean_center_header_left_menu":"","ocean_custom_header_template":"","ocean_custom_logo":0,"ocean_custom_retina_logo":0,"ocean_custom_logo_max_width":0,"ocean_custom_logo_tablet_max_width":0,"ocean_custom_logo_mobile_max_width":0,"ocean_custom_logo_max_height":0,"ocean_custom_logo_tablet_max_height":0,"ocean_custom_logo_mobile_max_height":0,"ocean_header_custom_menu":"","ocean_menu_typo_font_family":"","ocean_menu_typo_font_subset":"","ocean_menu_typo_font_size":0,"ocean_menu_typo_font_size_tablet":0,"ocean_menu_typo_font_size_mobile":0,"ocean_menu_typo_font_size_unit":"px","ocean_menu_typo_font_weight":"","ocean_menu_typo_font_weight_tablet":"","ocean_menu_typo_font_weight_mobile":"","ocean_menu_typo_transform":"","ocean_menu_typo_transform_tablet":"","ocean_menu_typo_transform_mobile":"","ocean_menu_typo_line_height":0,"ocean_menu_typo_line_height_tablet":0,"ocean_menu_typo_line_height_mobile":0,"ocean_menu_typo_line_height_unit":"","ocean_menu_typo_spacing":0,"ocean_menu_typo_spacing_tablet":0,"ocean_menu_typo_spacing_mobile":0,"ocean_menu_typo_spacing_unit":"","ocean_menu_link_color":"","ocean_menu_link_color_hover":"","ocean_menu_link_color_active":"","ocean_menu_link_background":"","ocean_menu_link_hover_background":"","ocean_menu_link_active_background":"","ocean_menu_social_links_bg":"","ocean_menu_social_hover_links_bg":"","ocean_menu_social_links_color":"","ocean_menu_social_hover_links_color":"","ocean_disable_title":"default","ocean_disable_heading":"default","ocean_post_title":"","ocean_post_subheading":"","ocean_post_title_style":"","ocean_post_title_background_color":"","ocean_post_title_background":0,"ocean_post_title_bg_image_position":"","ocean_post_title_bg_image_attachment":"","ocean_post_title_bg_image_repeat":"","ocean_post_title_bg_image_size":"","ocean_post_title_height":0,"ocean_post_title_bg_overlay":0.5,"ocean_post_title_bg_overlay_color":"","ocean_disable_breadcrumbs":"default","ocean_breadcrumbs_color":"","ocean_breadcrumbs_separator_color":"","ocean_breadcrumbs_links_color":"","ocean_breadcrumbs_links_hover_color":"","ocean_display_footer_widgets":"default","ocean_display_footer_bottom":"default","ocean_custom_footer_template":"","ocean_post_oembed":"","ocean_post_self_hosted_media":"","ocean_post_video_embed":"","ocean_link_format":"","ocean_link_format_target":"self","ocean_quote_format":"","ocean_quote_format_link":"post","ocean_gallery_link_images":"on","ocean_gallery_id":[],"footnotes":""},"categories":[1],"tags":[],"class_list":["post-3601","post","type-post","status-publish","format-standard","hentry","category-allgemein","entry"],"_links":{"self":[{"href":"https:\/\/frankfurter-tafel.org\/en\/wp-json\/wp\/v2\/posts\/3601","targetHints":{"allow":["GET"]}}],"collection":[{"href":"https:\/\/frankfurter-tafel.org\/en\/wp-json\/wp\/v2\/posts"}],"about":[{"href":"https:\/\/frankfurter-tafel.org\/en\/wp-json\/wp\/v2\/types\/post"}],"author":[{"embeddable":true,"href":"https:\/\/frankfurter-tafel.org\/en\/wp-json\/wp\/v2\/users\/5"}],"replies":[{"embeddable":true,"href":"https:\/\/frankfurter-tafel.org\/en\/wp-json\/wp\/v2\/comments?post=3601"}],"version-history":[{"count":5,"href":"https:\/\/frankfurter-tafel.org\/en\/wp-json\/wp\/v2\/posts\/3601\/revisions"}],"predecessor-version":[{"id":3608,"href":"https:\/\/frankfurter-tafel.org\/en\/wp-json\/wp\/v2\/posts\/3601\/revisions\/3608"}],"wp:attachment":[{"href":"https:\/\/frankfurter-tafel.org\/en\/wp-json\/wp\/v2\/media?parent=3601"}],"wp:term":[{"taxonomy":"category","embeddable":true,"href":"https:\/\/frankfurter-tafel.org\/en\/wp-json\/wp\/v2\/categories?post=3601"},{"taxonomy":"post_tag","embeddable":true,"href":"https:\/\/frankfurter-tafel.org\/en\/wp-json\/wp\/v2\/tags?post=3601"}],"curies":[{"name":"wp","href":"https:\/\/api.w.org\/{rel}","templated":true}]}}