{"id":3627,"date":"2025-07-17T13:10:04","date_gmt":"2025-07-17T11:10:04","guid":{"rendered":"https:\/\/frankfurter-tafel.org\/?p=3627"},"modified":"2025-07-17T13:10:04","modified_gmt":"2025-07-17T11:10:04","slug":"frankfurts-ob-mike-josef-zu-besuch","status":"publish","type":"post","link":"https:\/\/frankfurter-tafel.org\/en\/2025\/07\/frankfurts-ob-mike-josef-zu-besuch\/","title":{"rendered":"Frankfurts OB Mike Josef zu Besuch"},"content":{"rendered":"<p>Gro\u00dfer Tag f\u00fcr die Frankfurter Tafel: Der Oberb\u00fcrgermeister und seine Referentin zu Besuch bei uns in Fechenheim. In kleiner Runde mit dem Vorstand und einigen Ehrenamtlichen zeigte sich Mike Josef sehr interessiert an unserer Arbeit und versicherte uns auch f\u00fcr die Zukunft seine Unterst\u00fctzung. Spontan stimmte er zu, anl\u00e4sslich der kommenden Feier zum 30sten Geburtstag der Frankfurter Tafel die Schirmherrschaft f\u00fcr dieses Jubil\u00e4um zu \u00fcbernehmen. Daf\u00fcr sind wir dankbar und freuen uns insbesondere dar\u00fcber, da\u00df der OB es sich nicht nehmen lassen m\u00f6chte selbst zur Geburtstagsparty zu erscheinen.<\/p>\n\n\n\n<figure class=\"wp-block-image size-large\"><img fetchpriority=\"high\" decoding=\"async\" width=\"1024\" height=\"595\" src=\"https:\/\/frankfurter-tafel.org\/wp-content\/uploads\/2025\/07\/WhatsApp-Bild-2025-07-15-um-10.38.51_8106162a-1024x595.jpg\" alt=\"\" class=\"wp-image-3628\" srcset=\"https:\/\/frankfurter-tafel.org\/wp-content\/uploads\/2025\/07\/WhatsApp-Bild-2025-07-15-um-10.38.51_8106162a-1024x595.jpg 1024w, https:\/\/frankfurter-tafel.org\/wp-content\/uploads\/2025\/07\/WhatsApp-Bild-2025-07-15-um-10.38.51_8106162a-300x174.jpg 300w, https:\/\/frankfurter-tafel.org\/wp-content\/uploads\/2025\/07\/WhatsApp-Bild-2025-07-15-um-10.38.51_8106162a-768x447.jpg 768w, https:\/\/frankfurter-tafel.org\/wp-content\/uploads\/2025\/07\/WhatsApp-Bild-2025-07-15-um-10.38.51_8106162a-1536x893.jpg 1536w, https:\/\/frankfurter-tafel.org\/wp-content\/uploads\/2025\/07\/WhatsApp-Bild-2025-07-15-um-10.38.51_8106162a-2048x1191.jpg 2048w, https:\/\/frankfurter-tafel.org\/wp-content\/uploads\/2025\/07\/WhatsApp-Bild-2025-07-15-um-10.38.51_8106162a-18x10.jpg 18w\" sizes=\"(max-width: 1024px) 100vw, 1024px\" \/><\/figure>","protected":false},"excerpt":{"rendered":"<p>Gro\u00dfer Tag f\u00fcr die Frankfurter Tafel: Der Oberb\u00fcrgermeister und seine Referentin zu Besuch bei uns in Fechenheim. In kleiner Runde mit dem Vorstand und einigen Ehrenamtlichen zeigte sich Mike Josef sehr interessiert an unserer Arbeit und versicherte uns auch f\u00fcr die Zukunft seine Unterst\u00fctzung. Spontan stimmte er zu, anl\u00e4sslich der kommenden Feier zum 30sten Geburtstag [&hellip;]<\/p>\n","protected":false},"author":5,"featured_media":0,"comment_status":"closed","ping_status":"open","sticky":false,"template":"","format":"standard","meta":{"inline_featured_image":false,"ocean_post_layout":"","ocean_both_sidebars_style":"","ocean_both_sidebars_content_width":0,"ocean_both_sidebars_sidebars_width":0,"ocean_sidebar":"","ocean_second_sidebar":"","ocean_disable_margins":"enable","ocean_add_body_class":"","ocean_shortcode_before_top_bar":"","ocean_shortcode_after_top_bar":"","ocean_shortcode_before_header":"","ocean_shortcode_after_header":"","ocean_has_shortcode":"","ocean_shortcode_after_title":"","ocean_shortcode_before_footer_widgets":"","ocean_shortcode_after_footer_widgets":"","ocean_shortcode_before_footer_bottom":"","ocean_shortcode_after_footer_bottom":"","ocean_display_top_bar":"default","ocean_display_header":"default","ocean_header_style":"","ocean_center_header_left_menu":"","ocean_custom_header_template":"","ocean_custom_logo":0,"ocean_custom_retina_logo":0,"ocean_custom_logo_max_width":0,"ocean_custom_logo_tablet_max_width":0,"ocean_custom_logo_mobile_max_width":0,"ocean_custom_logo_max_height":0,"ocean_custom_logo_tablet_max_height":0,"ocean_custom_logo_mobile_max_height":0,"ocean_header_custom_menu":"","ocean_menu_typo_font_family":"","ocean_menu_typo_font_subset":"","ocean_menu_typo_font_size":0,"ocean_menu_typo_font_size_tablet":0,"ocean_menu_typo_font_size_mobile":0,"ocean_menu_typo_font_size_unit":"px","ocean_menu_typo_font_weight":"","ocean_menu_typo_font_weight_tablet":"","ocean_menu_typo_font_weight_mobile":"","ocean_menu_typo_transform":"","ocean_menu_typo_transform_tablet":"","ocean_menu_typo_transform_mobile":"","ocean_menu_typo_line_height":0,"ocean_menu_typo_line_height_tablet":0,"ocean_menu_typo_line_height_mobile":0,"ocean_menu_typo_line_height_unit":"","ocean_menu_typo_spacing":0,"ocean_menu_typo_spacing_tablet":0,"ocean_menu_typo_spacing_mobile":0,"ocean_menu_typo_spacing_unit":"","ocean_menu_link_color":"","ocean_menu_link_color_hover":"","ocean_menu_link_color_active":"","ocean_menu_link_background":"","ocean_menu_link_hover_background":"","ocean_menu_link_active_background":"","ocean_menu_social_links_bg":"","ocean_menu_social_hover_links_bg":"","ocean_menu_social_links_color":"","ocean_menu_social_hover_links_color":"","ocean_disable_title":"default","ocean_disable_heading":"default","ocean_post_title":"","ocean_post_subheading":"","ocean_post_title_style":"","ocean_post_title_background_color":"","ocean_post_title_background":0,"ocean_post_title_bg_image_position":"","ocean_post_title_bg_image_attachment":"","ocean_post_title_bg_image_repeat":"","ocean_post_title_bg_image_size":"","ocean_post_title_height":0,"ocean_post_title_bg_overlay":0.5,"ocean_post_title_bg_overlay_color":"","ocean_disable_breadcrumbs":"default","ocean_breadcrumbs_color":"","ocean_breadcrumbs_separator_color":"","ocean_breadcrumbs_links_color":"","ocean_breadcrumbs_links_hover_color":"","ocean_display_footer_widgets":"default","ocean_display_footer_bottom":"default","ocean_custom_footer_template":"","ocean_post_oembed":"","ocean_post_self_hosted_media":"","ocean_post_video_embed":"","ocean_link_format":"","ocean_link_format_target":"self","ocean_quote_format":"","ocean_quote_format_link":"post","ocean_gallery_link_images":"on","ocean_gallery_id":[],"footnotes":""},"categories":[1],"tags":[],"class_list":["post-3627","post","type-post","status-publish","format-standard","hentry","category-allgemein","entry"],"_links":{"self":[{"href":"https:\/\/frankfurter-tafel.org\/en\/wp-json\/wp\/v2\/posts\/3627","targetHints":{"allow":["GET"]}}],"collection":[{"href":"https:\/\/frankfurter-tafel.org\/en\/wp-json\/wp\/v2\/posts"}],"about":[{"href":"https:\/\/frankfurter-tafel.org\/en\/wp-json\/wp\/v2\/types\/post"}],"author":[{"embeddable":true,"href":"https:\/\/frankfurter-tafel.org\/en\/wp-json\/wp\/v2\/users\/5"}],"replies":[{"embeddable":true,"href":"https:\/\/frankfurter-tafel.org\/en\/wp-json\/wp\/v2\/comments?post=3627"}],"version-history":[{"count":1,"href":"https:\/\/frankfurter-tafel.org\/en\/wp-json\/wp\/v2\/posts\/3627\/revisions"}],"predecessor-version":[{"id":3629,"href":"https:\/\/frankfurter-tafel.org\/en\/wp-json\/wp\/v2\/posts\/3627\/revisions\/3629"}],"wp:attachment":[{"href":"https:\/\/frankfurter-tafel.org\/en\/wp-json\/wp\/v2\/media?parent=3627"}],"wp:term":[{"taxonomy":"category","embeddable":true,"href":"https:\/\/frankfurter-tafel.org\/en\/wp-json\/wp\/v2\/categories?post=3627"},{"taxonomy":"post_tag","embeddable":true,"href":"https:\/\/frankfurter-tafel.org\/en\/wp-json\/wp\/v2\/tags?post=3627"}],"curies":[{"name":"wp","href":"https:\/\/api.w.org\/{rel}","templated":true}]}}